{"id":1515,"date":"2024-04-26T08:36:47","date_gmt":"2024-04-26T08:36:47","guid":{"rendered":"https:\/\/studiesenterkysten.no\/?p=1515"},"modified":"2024-04-26T08:36:48","modified_gmt":"2024-04-26T08:36:48","slug":"studiesenter-kysten-leverer-varene-og-far-meir-statlege-midlar","status":"publish","type":"post","link":"https:\/\/studiesenterkysten.no\/index.php\/2024\/04\/26\/studiesenter-kysten-leverer-varene-og-far-meir-statlege-midlar\/","title":{"rendered":"Studiesenter Kysten leverer varene og f\u00e5r meir statlege midlar"},"content":{"rendered":"\t\t<div data-elementor-type=\"wp-post\" data-elementor-id=\"1515\" class=\"elementor elementor-1515\" data-elementor-settings=\"{&quot;ha_cmc_init_switcher&quot;:&quot;no&quot;}\">\n\t\t\t\t<div class=\"elementor-element elementor-element-7357258 e-flex e-con-boxed e-con e-parent\" data-id=\"7357258\" data-element_type=\"container\" data-e-type=\"container\" data-settings=\"{&quot;_ha_eqh_enable&quot;:false}\">\n\t\t\t\t\t<div class=\"e-con-inner\">\n\t\t\t\t<div class=\"elementor-element elementor-element-d8b22a3 elementor-widget elementor-widget-text-editor\" data-id=\"d8b22a3\" data-element_type=\"widget\" data-e-type=\"widget\" data-widget_type=\"text-editor.default\">\n\t\t\t\t<div class=\"elementor-widget-container\">\n\t\t\t\t\t\t\t\t\t<h2><strong>Studiesenter Kysten leverer varene og f\u00e5r meir statlege midlar<\/strong><\/h2>\t\t\t\t\t\t\t\t<\/div>\n\t\t\t\t<\/div>\n\t\t\t\t<div class=\"elementor-element elementor-element-fc12b61 elementor-widget-divider--view-line elementor-widget elementor-widget-divider\" data-id=\"fc12b61\" data-element_type=\"widget\" data-e-type=\"widget\" data-widget_type=\"divider.default\">\n\t\t\t\t<div class=\"elementor-widget-container\">\n\t\t\t\t\t\t\t<div class=\"elementor-divider\">\n\t\t\t<span class=\"elementor-divider-separator\">\n\t\t\t\t\t\t<\/span>\n\t\t<\/div>\n\t\t\t\t\t\t<\/div>\n\t\t\t\t<\/div>\n\t\t\t\t<div class=\"elementor-element elementor-element-0c4917a elementor-widget elementor-widget-text-editor\" data-id=\"0c4917a\" data-element_type=\"widget\" data-e-type=\"widget\" data-widget_type=\"text-editor.default\">\n\t\t\t\t<div class=\"elementor-widget-container\">\n\t\t\t\t\t\t\t\t\t<ul><li><h5><strong>Dei 7 utdannings-hub\u2019ane er etablerte og har kontakt med om lag 150 lokale studentar<\/strong><\/h5><\/li><li><h5><strong>Direktoratet for h\u00f8gare utdanning og kompetanse bidreg no med nye 2 millionar kroner<\/strong><\/h5><\/li><li><h5><strong>Sparebankstiftinga Sogn og Fjordane, fylkeskommunen og dei 6 kommunane forventast \u00e5 bidra med 2,5 millionar for fullfinansiering av det andre studie\u00e5ret<\/strong><\/h5><\/li><li><h5><strong>Desentral etter- og vidareutdanning vert enda viktigare i framtida<\/strong><\/h5><\/li><\/ul>\t\t\t\t\t\t\t\t<\/div>\n\t\t\t\t<\/div>\n\t\t\t\t\t<\/div>\n\t\t\t\t<\/div>\n\t\t<div class=\"elementor-element elementor-element-64330b9 e-flex e-con-boxed e-con e-parent\" data-id=\"64330b9\" data-element_type=\"container\" data-e-type=\"container\" data-settings=\"{&quot;_ha_eqh_enable&quot;:false}\">\n\t\t\t\t\t<div class=\"e-con-inner\">\n\t\t\t\t<div class=\"elementor-element elementor-element-d11a296 elementor-widget-divider--view-line elementor-widget elementor-widget-divider\" data-id=\"d11a296\" data-element_type=\"widget\" data-e-type=\"widget\" data-widget_type=\"divider.default\">\n\t\t\t\t<div class=\"elementor-widget-container\">\n\t\t\t\t\t\t\t<div class=\"elementor-divider\">\n\t\t\t<span class=\"elementor-divider-separator\">\n\t\t\t\t\t\t<\/span>\n\t\t<\/div>\n\t\t\t\t\t\t<\/div>\n\t\t\t\t<\/div>\n\t\t\t\t\t<\/div>\n\t\t\t\t<\/div>\n\t\t<div class=\"elementor-element elementor-element-3c312d5 e-flex e-con-boxed e-con e-parent\" data-id=\"3c312d5\" data-element_type=\"container\" data-e-type=\"container\" data-settings=\"{&quot;_ha_eqh_enable&quot;:false}\">\n\t\t\t\t\t<div class=\"e-con-inner\">\n\t\t\t\t<div class=\"elementor-element elementor-element-6f748a2 elementor-widget elementor-widget-text-editor\" data-id=\"6f748a2\" data-element_type=\"widget\" data-e-type=\"widget\" data-widget_type=\"text-editor.default\">\n\t\t\t\t<div class=\"elementor-widget-container\">\n\t\t\t\t\t\t\t\t\t<p>Studiesenter Kysten vart starta opp hausten 2023. Det er eit samarbeidsprosjekt mellom kommunane Askvoll, Fjaler, Kinn, Hyllestad, H\u00f8yanger og Solund. Prosjektet har som hovudm\u00e5l \u00e5 etablere og drifte eit desentralisert studiesenter med ein fysisk l\u00e6ringsarena i kvar av kommunane. Aksello er prosjekteigar, og Reidar Gr\u00f8nli, tidlegare rektor ved Fagskulen Sogn og Fjordane, er prosjektleiar.<\/p>\t\t\t\t\t\t\t\t<\/div>\n\t\t\t\t<\/div>\n\t\t\t\t<div class=\"elementor-element elementor-element-9a3240f elementor-widget elementor-widget-text-editor\" data-id=\"9a3240f\" data-element_type=\"widget\" data-e-type=\"widget\" data-widget_type=\"text-editor.default\">\n\t\t\t\t<div class=\"elementor-widget-container\">\n\t\t\t\t\t\t\t\t\t<p>Status etter eit halvt \u00e5r er at alle l\u00e6ringsarenaene, eller utdanningshubane, er etablerte med kvar sin utdanningskoordinator. Sidan oppstart har det vore utf\u00f8rt kartlegging av kompetansebehov i n\u00e6ringslivet og i kommuneadministrasjonane. Prosjektet har ogs\u00e5 knytt til seg ei mengd utdanningsinstitusjonar, mellom dei H\u00f8gskulen p\u00e5 Vestlandet, Fagskulen Vestland, Folkeuniversitetet, Universitetet i Bergen og Noregs Handelsh\u00f8gskule.\u00a0<\/p>\t\t\t\t\t\t\t\t<\/div>\n\t\t\t\t<\/div>\n\t\t\t\t<div class=\"elementor-element elementor-element-6656674 elementor-button-info elementor-align-center elementor-widget elementor-widget-button\" data-id=\"6656674\" data-element_type=\"widget\" data-e-type=\"widget\" data-widget_type=\"button.default\">\n\t\t\t\t<div class=\"elementor-widget-container\">\n\t\t\t\t\t\t\t\t\t<div class=\"elementor-button-wrapper\">\n\t\t\t\t\t<a class=\"elementor-button elementor-button-link elementor-size-sm\" href=\"https:\/\/studiesenterkysten.no\/index.php\/2024\/03\/18\/handelshogskulen-startar-leiarutdanning-i-floro\/\">\n\t\t\t\t\t\t<span class=\"elementor-button-content-wrapper\">\n\t\t\t\t\t\t\t\t\t<span class=\"elementor-button-text\">Sj\u00e5 til d\u00f8mes <\/span>\n\t\t\t\t\t<\/span>\n\t\t\t\t\t<\/a>\n\t\t\t\t<\/div>\n\t\t\t\t\t\t\t\t<\/div>\n\t\t\t\t<\/div>\n\t\t\t\t<div class=\"elementor-element elementor-element-94179d7 elementor-widget elementor-widget-text-editor\" data-id=\"94179d7\" data-element_type=\"widget\" data-e-type=\"widget\" data-widget_type=\"text-editor.default\">\n\t\t\t\t<div class=\"elementor-widget-container\">\n\t\t\t\t\t\t\t\t\t<p>Basert p\u00e5 det avdekka kompetansebehovet hos m\u00e5lgruppene og moglegheitene hos utdannings-institusjonane, har ein starta opp konkrete kurs og utdanningar. I alt har oppunder 100 personar, hovudsakleg fr\u00e5 lokale bedrifter, delteke i desse fram til no. Samstundes er dei etablerte, lokale hubane ein ressurs og m\u00f8teplass for studentar som allereie er under utdanning. Av desse reknar prosjektet ca. 500 som potensielle brukarar.<\/p>\t\t\t\t\t\t\t\t<\/div>\n\t\t\t\t<\/div>\n\t\t\t\t<div class=\"elementor-element elementor-element-f88a79c elementor-widget elementor-widget-text-editor\" data-id=\"f88a79c\" data-element_type=\"widget\" data-e-type=\"widget\" data-widget_type=\"text-editor.default\">\n\t\t\t\t<div class=\"elementor-widget-container\">\n\t\t\t\t\t\t\t\t\t<p>I f\u00f8rre veke kom nyhendet at Direktoratet for h\u00f8gare utdanning og kompetanse (HK-dir) har innvilga nye 2 millionar kroner til Studiesenter Kysten. HK-dir har st\u00e5tt for meir enn 40 prosent av finansieringa hittil, og deira fortsette deltaking er sv\u00e6rt viktig.<\/p>\t\t\t\t\t\t\t\t<\/div>\n\t\t\t\t<\/div>\n\t\t\t\t<div class=\"elementor-element elementor-element-567be65 elementor-widget elementor-widget-text-editor\" data-id=\"567be65\" data-element_type=\"widget\" data-e-type=\"widget\" data-widget_type=\"text-editor.default\">\n\t\t\t\t<div class=\"elementor-widget-container\">\n\t\t\t\t\t\t\t\t\t<p><em>&#8211; Vi ser p\u00e5 dette som eit klapp p\u00e5 skuldra fr\u00e5 HK-dir, for den jobben som er gjort fram til no under leiing av prosjektleiar Reidar Gr\u00f8nli<\/em>, seier Arne Olsen, konstituert dagleg leiar i Aksello.<\/p>\t\t\t\t\t\t\t\t<\/div>\n\t\t\t\t<\/div>\n\t\t\t\t<div class=\"elementor-element elementor-element-fa2f389 elementor-widget elementor-widget-text-editor\" data-id=\"fa2f389\" data-element_type=\"widget\" data-e-type=\"widget\" data-widget_type=\"text-editor.default\">\n\t\t\t\t<div class=\"elementor-widget-container\">\n\t\t\t\t\t\t\t\t\t<p>Prosjektleiar Gr\u00f8nli sj\u00f8lv er ogs\u00e5 glad, sj\u00f8lv om, som han seier: <br \/><em>&#8211; Vi hadde h\u00e5p om \u00e5 f\u00e5 meir enn 2 millionar i denne runden, men alle studiesentera fekk eit kutt p\u00e5 ein tredjedel av s\u00f8knadssummen<\/em>. <\/p>\t\t\t\t\t\t\t\t<\/div>\n\t\t\t\t<\/div>\n\t\t\t\t<div class=\"elementor-element elementor-element-bac5c63 elementor-widget elementor-widget-text-editor\" data-id=\"bac5c63\" data-element_type=\"widget\" data-e-type=\"widget\" data-widget_type=\"text-editor.default\">\n\t\t\t\t<div class=\"elementor-widget-container\">\n\t\t\t\t\t\t\t\t\t<p>Olsen og Gr\u00f8nli legg vekt p\u00e5 at etter- og vidareutdanning vert enda viktigare i tida som kjem. Dette viste seg ikkje minst i l\u00f8nnsoppgjeret i \u00e5r, der s\u00e6rleg dei s\u00e5kalla frontfaga fekk gjennomslag for ei monaleg opptrapping innafor dette omr\u00e5det i \u00e5ra som kjem.<\/p>\t\t\t\t\t\t\t\t<\/div>\n\t\t\t\t<\/div>\n\t\t\t\t<div class=\"elementor-element elementor-element-6e7b1ad elementor-widget elementor-widget-text-editor\" data-id=\"6e7b1ad\" data-element_type=\"widget\" data-e-type=\"widget\" data-widget_type=\"text-editor.default\">\n\t\t\t\t<div class=\"elementor-widget-container\">\n\t\t\t\t\t\t\t\t\t<p><em>&#8211; Det er difor uhyre viktig at det finst nok kapasitet til \u00e5 gjennomf\u00f8re slike oppl\u00e6rings- og utdanningstiltak, og her speler studiesentera, som Studiesenter Kysten, ei sv\u00e6rt viktig rolle,<\/em> seier dei.<\/p>\t\t\t\t\t\t\t\t<\/div>\n\t\t\t\t<\/div>\n\t\t\t\t<div class=\"elementor-element elementor-element-f206bd7 elementor-widget elementor-widget-text-editor\" data-id=\"f206bd7\" data-element_type=\"widget\" data-e-type=\"widget\" data-widget_type=\"text-editor.default\">\n\t\t\t\t<div class=\"elementor-widget-container\">\n\t\t\t\t\t\t\t\t\t<p>I prosjektet s\u00e5 langt har som sagt HK-dir st\u00e5tt for ca. 40 prosent av finansieringa. Sparebank-stiftinga Sogn og Fjordane har likeins bidrege med ca. 40 prosent, medan Vestland fylkeskommune og dei seks medverkande kommunane bidreg med om lag 10 prosent kvar seg. Det er forventa at den same fordelinga held seg n\u00e5r ein no startar planlegginga av det andre studie\u00e5ret, og s\u00e5nn sett var dei nye pengane fr\u00e5 HK-dir ein god start.<\/p>\t\t\t\t\t\t\t\t<\/div>\n\t\t\t\t<\/div>\n\t\t\t\t<div class=\"elementor-element elementor-element-1949a19 elementor-widget elementor-widget-text-editor\" data-id=\"1949a19\" data-element_type=\"widget\" data-e-type=\"widget\" data-widget_type=\"text-editor.default\">\n\t\t\t\t<div class=\"elementor-widget-container\">\n\t\t\t\t\t\t\t\t\t<p>For ytterlegare informasjon om prosjektet, ta kontakt med prosjektleiar Reidar Gr\u00f8nli (telefon 40241494 eller e-post: reidar@studiesenterkysten.no) eller konstituert dagleg leiar i Aksello, Arne Olsen (telefon 97573599 eller e-post arne@aksello.no).<\/p>\t\t\t\t\t\t\t\t<\/div>\n\t\t\t\t<\/div>\n\t\t\t\t<div class=\"elementor-element elementor-element-9b89d56 elementor-widget elementor-widget-spacer\" data-id=\"9b89d56\" data-element_type=\"widget\" data-e-type=\"widget\" data-widget_type=\"spacer.default\">\n\t\t\t\t<div class=\"elementor-widget-container\">\n\t\t\t\t\t\t\t<div class=\"elementor-spacer\">\n\t\t\t<div class=\"elementor-spacer-inner\"><\/div>\n\t\t<\/div>\n\t\t\t\t\t\t<\/div>\n\t\t\t\t<\/div>\n\t\t\t\t<div class=\"elementor-element elementor-element-cd842c3 elementor-widget elementor-widget-spacer\" data-id=\"cd842c3\" data-element_type=\"widget\" data-e-type=\"widget\" data-widget_type=\"spacer.default\">\n\t\t\t\t<div class=\"elementor-widget-container\">\n\t\t\t\t\t\t\t<div class=\"elementor-spacer\">\n\t\t\t<div class=\"elementor-spacer-inner\"><\/div>\n\t\t<\/div>\n\t\t\t\t\t\t<\/div>\n\t\t\t\t<\/div>\n\t\t\t\t\t<\/div>\n\t\t\t\t<\/div>\n\t\t\t\t<\/div>\n\t\t","protected":false},"excerpt":{"rendered":"<p>Studiesenter Kysten leverer varene og f\u00e5r meir statlege midlar Dei 7 utdannings-hub\u2019ane er etablerte og har kontakt med om lag 150 lokale studentar Direktoratet for h\u00f8gare utdanning og kompetanse bidreg<\/p>\n","protected":false},"author":2,"featured_media":7,"comment_status":"closed","ping_status":"closed","sticky":false,"template":"","format":"standard","meta":{"footnotes":""},"categories":[6],"tags":[],"class_list":["post-1515","post","type-post","status-publish","format-standard","has-post-thumbnail","hentry","category-studiesenter-kysten"],"_links":{"self":[{"href":"https:\/\/studiesenterkysten.no\/index.php\/wp-json\/wp\/v2\/posts\/1515","targetHints":{"allow":["GET"]}}],"collection":[{"href":"https:\/\/studiesenterkysten.no\/index.php\/wp-json\/wp\/v2\/posts"}],"about":[{"href":"https:\/\/studiesenterkysten.no\/index.php\/wp-json\/wp\/v2\/types\/post"}],"author":[{"embeddable":true,"href":"https:\/\/studiesenterkysten.no\/index.php\/wp-json\/wp\/v2\/users\/2"}],"replies":[{"embeddable":true,"href":"https:\/\/studiesenterkysten.no\/index.php\/wp-json\/wp\/v2\/comments?post=1515"}],"version-history":[{"count":7,"href":"https:\/\/studiesenterkysten.no\/index.php\/wp-json\/wp\/v2\/posts\/1515\/revisions"}],"predecessor-version":[{"id":1522,"href":"https:\/\/studiesenterkysten.no\/index.php\/wp-json\/wp\/v2\/posts\/1515\/revisions\/1522"}],"wp:featuredmedia":[{"embeddable":true,"href":"https:\/\/studiesenterkysten.no\/index.php\/wp-json\/wp\/v2\/media\/7"}],"wp:attachment":[{"href":"https:\/\/studiesenterkysten.no\/index.php\/wp-json\/wp\/v2\/media?parent=1515"}],"wp:term":[{"taxonomy":"category","embeddable":true,"href":"https:\/\/studiesenterkysten.no\/index.php\/wp-json\/wp\/v2\/categories?post=1515"},{"taxonomy":"post_tag","embeddable":true,"href":"https:\/\/studiesenterkysten.no\/index.php\/wp-json\/wp\/v2\/tags?post=1515"}],"curies":[{"name":"wp","href":"https:\/\/api.w.org\/{rel}","templated":true}]}}