{"id":1568,"date":"2024-06-27T09:14:23","date_gmt":"2024-06-27T09:14:23","guid":{"rendered":"https:\/\/studiesenterkysten.no\/?p=1568"},"modified":"2024-06-27T09:17:49","modified_gmt":"2024-06-27T09:17:49","slug":"barne-og-ungdomsarbeiderfaget","status":"publish","type":"post","link":"https:\/\/studiesenterkysten.no\/index.php\/2024\/06\/27\/barne-og-ungdomsarbeiderfaget\/","title":{"rendered":"Barne- og ungdomsarbeiderfaget (vg3) p\u00e5 deltid i Flor\u00f8\/M\u00e5l\u00f8y studie\u00e5ret 2024\/25"},"content":{"rendered":"\t\t<div data-elementor-type=\"wp-post\" data-elementor-id=\"1568\" class=\"elementor elementor-1568\" data-elementor-settings=\"{&quot;ha_cmc_init_switcher&quot;:&quot;no&quot;}\">\n\t\t\t\t<div class=\"elementor-element elementor-element-a2beb44 e-flex e-con-boxed e-con e-parent\" data-id=\"a2beb44\" data-element_type=\"container\" data-e-type=\"container\" data-settings=\"{&quot;_ha_eqh_enable&quot;:false}\">\n\t\t\t\t\t<div class=\"e-con-inner\">\n\t\t\t\t<div class=\"elementor-element elementor-element-f6f9c4f elementor-widget elementor-widget-heading\" data-id=\"f6f9c4f\" data-element_type=\"widget\" data-e-type=\"widget\" data-widget_type=\"heading.default\">\n\t\t\t\t<div class=\"elementor-widget-container\">\n\t\t\t\t\t<h2 class=\"elementor-heading-title elementor-size-default\">Barne- og ungdomsarbeiderfaget (vg3) p\u00e5 deltid i Flor\u00f8\/M\u00e5l\u00f8y studie\u00e5ret 2024\/25<\/h2>\t\t\t\t<\/div>\n\t\t\t\t<\/div>\n\t\t\t\t<div class=\"elementor-element elementor-element-f73c707 elementor-widget elementor-widget-text-editor\" data-id=\"f73c707\" data-element_type=\"widget\" data-e-type=\"widget\" data-widget_type=\"text-editor.default\">\n\t\t\t\t<div class=\"elementor-widget-container\">\n\t\t\t\t\t\t\t\t\t<p><\/p>\n<p>Studiesenter Kysten har over tid vore i dialog med Kinn Kommune for \u00e5 f\u00e5 p\u00e5 plass kurs og studier som svarer ut deira behov. Vi er stolte over \u00e5 kunngjere at vi for studie\u00e5ret 2024\/25, i lag med AOF, starter opp <strong>Barne- og ungdomsarbeiderfaget (vg3) <\/strong>p\u00e5 deltid i Flor\u00f8.&nbsp;Kurset er ogs\u00e5 \u00e5pent for &laquo;alle&raquo;, ogs\u00e5 dei som ikkje er tilsett i Kinn Kommune.<\/p>\n<p> <\/p>\n<p>Det vil v\u00e6re ukentlege fysiske samlingar i Flor\u00f8. Deltakara fr\u00e5 M\u00e5l\u00f8y kan m\u00f8te fysisk i Flor\u00f8 eller p\u00e5 R\u00e5dhuset i M\u00e5l\u00f8y og f\u00f8lge undervisninga derifr\u00e5 p\u00e5 livestream.<\/p>\n<p> <\/p>\n<p>Hanna de-Groot, koordinator for AOF Nord Vestland, er heilt klar p\u00e5 at distrikta treng mangfald i kompetansen, og det kan vi f\u00e5 til med godt samarbeid og fleksible l\u00f8ysingar.<\/p>\n<p> <\/p>\n<p><strong><a href=\"https:\/\/aofstudiestart.no\/kurs\/vg3-barne-og-ungdomsarbeiderfaget-k1-nord-vestland\/\" target=\"_blank\" rel=\"noopener\">Klikk&nbsp;her<\/a><\/strong>&nbsp;for \u00e5 s\u00f8ke eller detaljer om utdanning.<\/p>\t\t\t\t\t\t\t\t<\/div>\n\t\t\t\t<\/div>\n\t\t\t\t\t<\/div>\n\t\t\t\t<\/div>\n\t\t\t\t<\/div>\n\t\t","protected":false},"excerpt":{"rendered":"<p>Barne- og ungdomsarbeiderfaget (vg3) p\u00e5 deltid i Flor\u00f8\/M\u00e5l\u00f8y studie\u00e5ret 2024\/25 Studiesenter Kysten har over tid vore i dialog med Kinn Kommune for \u00e5 f\u00e5 p\u00e5 plass kurs og studier som<\/p>\n","protected":false},"author":2,"featured_media":812,"comment_status":"closed","ping_status":"closed","sticky":false,"template":"","format":"standard","meta":{"footnotes":""},"categories":[6,12],"tags":[],"class_list":["post-1568","post","type-post","status-publish","format-standard","has-post-thumbnail","hentry","category-studiesenter-kysten","category-maloy"],"_links":{"self":[{"href":"https:\/\/studiesenterkysten.no\/index.php\/wp-json\/wp\/v2\/posts\/1568","targetHints":{"allow":["GET"]}}],"collection":[{"href":"https:\/\/studiesenterkysten.no\/index.php\/wp-json\/wp\/v2\/posts"}],"about":[{"href":"https:\/\/studiesenterkysten.no\/index.php\/wp-json\/wp\/v2\/types\/post"}],"author":[{"embeddable":true,"href":"https:\/\/studiesenterkysten.no\/index.php\/wp-json\/wp\/v2\/users\/2"}],"replies":[{"embeddable":true,"href":"https:\/\/studiesenterkysten.no\/index.php\/wp-json\/wp\/v2\/comments?post=1568"}],"version-history":[{"count":7,"href":"https:\/\/studiesenterkysten.no\/index.php\/wp-json\/wp\/v2\/posts\/1568\/revisions"}],"predecessor-version":[{"id":1575,"href":"https:\/\/studiesenterkysten.no\/index.php\/wp-json\/wp\/v2\/posts\/1568\/revisions\/1575"}],"wp:featuredmedia":[{"embeddable":true,"href":"https:\/\/studiesenterkysten.no\/index.php\/wp-json\/wp\/v2\/media\/812"}],"wp:attachment":[{"href":"https:\/\/studiesenterkysten.no\/index.php\/wp-json\/wp\/v2\/media?parent=1568"}],"wp:term":[{"taxonomy":"category","embeddable":true,"href":"https:\/\/studiesenterkysten.no\/index.php\/wp-json\/wp\/v2\/categories?post=1568"},{"taxonomy":"post_tag","embeddable":true,"href":"https:\/\/studiesenterkysten.no\/index.php\/wp-json\/wp\/v2\/tags?post=1568"}],"curies":[{"name":"wp","href":"https:\/\/api.w.org\/{rel}","templated":true}]}}