{"id":1622,"date":"2024-10-09T08:07:14","date_gmt":"2024-10-09T08:07:14","guid":{"rendered":"https:\/\/studiesenterkysten.no\/?p=1622"},"modified":"2024-12-06T13:15:45","modified_gmt":"2024-12-06T13:15:45","slug":"kompetanseforum","status":"publish","type":"post","link":"https:\/\/studiesenterkysten.no\/index.php\/2024\/10\/09\/kompetanseforum\/","title":{"rendered":"Kompetanseforum"},"content":{"rendered":"\t\t<div data-elementor-type=\"wp-post\" data-elementor-id=\"1622\" class=\"elementor elementor-1622\" data-elementor-settings=\"{&quot;ha_cmc_init_switcher&quot;:&quot;no&quot;}\">\n\t\t\t\t<div class=\"elementor-element elementor-element-96dfb58 e-flex e-con-boxed e-con e-parent\" data-id=\"96dfb58\" data-element_type=\"container\" data-e-type=\"container\" data-settings=\"{&quot;_ha_eqh_enable&quot;:false}\">\n\t\t\t\t\t<div class=\"e-con-inner\">\n\t\t\t\t<div class=\"elementor-element elementor-element-31d9b61 elementor-widget elementor-widget-spacer\" data-id=\"31d9b61\" data-element_type=\"widget\" data-e-type=\"widget\" data-widget_type=\"spacer.default\">\n\t\t\t\t<div class=\"elementor-widget-container\">\n\t\t\t\t\t\t\t<div class=\"elementor-spacer\">\n\t\t\t<div class=\"elementor-spacer-inner\"><\/div>\n\t\t<\/div>\n\t\t\t\t\t\t<\/div>\n\t\t\t\t<\/div>\n\t\t\t\t<div class=\"elementor-element elementor-element-8147c5b elementor-widget elementor-widget-text-editor\" data-id=\"8147c5b\" data-element_type=\"widget\" data-e-type=\"widget\" data-widget_type=\"text-editor.default\">\n\t\t\t\t<div class=\"elementor-widget-container\">\n\t\t\t\t\t\t\t\t\t<p>VFLK inviterte 3. oktober til Kompetanseforum Vestland. Her samlast akademia, n\u00e6ringsliv, organisasjonar, NAV og ulike studiesenter for \u00e5 f\u00e5 ei felles forst\u00e5ing for felles utfordring n\u00e5r det kjem til demografiutvikling.<\/p><p>Det er inspirerande \u00e5 h\u00f8yre at andre har same fokus og oppfatning som oss i Studiesenter Kysten.<br \/>-&gt; <strong>Vi treng \u00e5 satse p\u00e5 kompetanseheving i distrikta for \u00e5 m\u00f8te framtida!<\/strong><\/p><p>\u00a0<\/p><p>Tema\/Bakteppet:<\/p><p>Som kjent for mange g\u00e5r vi mot ei framtid med f\u00e6rre unge og fleire eldre, som vil seie at vi har f\u00e6rre i arbeid i framtida om vi ikkje jobbar lengre, og f\u00e6rre unge med oppdatert utdanning om vi satsar p\u00e5 \u00e5 oppdatere kompetanse til alle heile livet = livslang l\u00e6ring.<\/p><p>Der er ogs\u00e5 jamt over altfor mange som st\u00e5r utanfor arbeidslivet.<\/p><p>Skal vi greie \u00e5 m\u00f8te disse utfordringane p\u00e5 best mogleg m\u00e5te m\u00e5 vi endre m\u00e5ten vi tenker og jobbar p\u00e5 i dag.<\/p><p><strong>Fleire system m\u00e5 endrast, b\u00e5de st\u00f8ttesystem og utdanningssystem.<\/strong><\/p><p>Vi m\u00e5 legge til rette slik at alle har moglegheit \u00e5 ta kompetanseheving uansett kor du bur og samstundes som du arbeider- ogs\u00e5 i distriktet. Vi m\u00e5 dekke behov og vere relevant.<\/p><p><span style=\"text-align: var(--text-align); color: var(--gray); font-size: 1rem;\">Skal vi f\u00e5 dette til m\u00e5:<\/span><\/p><p>\u00a0<\/p><p>*<strong>Utdanningsinstitusjonane<\/strong> tilby fleksible modulbaserte kurs og studiar<\/p><p>-digital kompetanseheving med f\u00e5 samlingar<\/p><p>-utvikle kurs\/studiar ihht. behov i n\u00e6ringslivet<\/p><p>\u00a0<\/p><p>*<strong>Studiesenter: <\/strong>Vi treng tilrettelagte studiefasilitetar der det ikkje er campus slik at der blir eit godt l\u00e6ringsmilj\u00f8 og eit godt sosialt milj\u00f8 ogs\u00e5 i distriktet- utanfor Campus.<\/p><p>*<strong>Kommunar og privat n\u00e6ringsliv: <\/strong>f\u00e5 meir fokus p\u00e5 kompetanseheving av dei tilsette.<\/p><p>Utf\u00f8re kompetansekartlegging for \u00e5 m\u00f8te framtida og lage kompetanseplan.<\/p><p>Skal vi f\u00e5 til dette er det ein veldig viktig faktor som m\u00e5 p\u00e5 plass -&gt; l\u00f8yvingane til utdanning\/kompetanseheving m\u00e5 samsvare med dei endra behova. Det m\u00e5 f\u00f8lgje midlar med \u00e5 utarbeide modulbaserte og kortare utdanningar.<\/p><p><strong>\u00a0<\/strong><\/p><p><strong>Takk til VFLK for invitasjonen! Ser fram til at vi alle tek med oss inspirasjon og informasjon fr\u00e5 dette m\u00f8tet og saman held same kurs framover!<\/strong><\/p>\t\t\t\t\t\t\t\t<\/div>\n\t\t\t\t<\/div>\n\t\t\t\t<div class=\"elementor-element elementor-element-0695524 elementor-widget elementor-widget-spacer\" data-id=\"0695524\" data-element_type=\"widget\" data-e-type=\"widget\" data-widget_type=\"spacer.default\">\n\t\t\t\t<div class=\"elementor-widget-container\">\n\t\t\t\t\t\t\t<div class=\"elementor-spacer\">\n\t\t\t<div class=\"elementor-spacer-inner\"><\/div>\n\t\t<\/div>\n\t\t\t\t\t\t<\/div>\n\t\t\t\t<\/div>\n\t\t\t\t\t<\/div>\n\t\t\t\t<\/div>\n\t\t\t\t<\/div>\n\t\t","protected":false},"excerpt":{"rendered":"<p>VFLK inviterte 3. oktober til Kompetanseforum Vestland. Her samlast akademia, n\u00e6ringsliv, organisasjonar, NAV og ulike studiesenter for \u00e5 f\u00e5 ei felles forst\u00e5ing for felles utfordring n\u00e5r det kjem til demografiutvikling.<\/p>\n","protected":false},"author":2,"featured_media":1743,"comment_status":"closed","ping_status":"closed","sticky":false,"template":"","format":"standard","meta":{"footnotes":""},"categories":[1,6],"tags":[],"class_list":["post-1622","post","type-post","status-publish","format-standard","has-post-thumbnail","hentry","category-uncategorized","category-studiesenter-kysten"],"_links":{"self":[{"href":"https:\/\/studiesenterkysten.no\/index.php\/wp-json\/wp\/v2\/posts\/1622","targetHints":{"allow":["GET"]}}],"collection":[{"href":"https:\/\/studiesenterkysten.no\/index.php\/wp-json\/wp\/v2\/posts"}],"about":[{"href":"https:\/\/studiesenterkysten.no\/index.php\/wp-json\/wp\/v2\/types\/post"}],"author":[{"embeddable":true,"href":"https:\/\/studiesenterkysten.no\/index.php\/wp-json\/wp\/v2\/users\/2"}],"replies":[{"embeddable":true,"href":"https:\/\/studiesenterkysten.no\/index.php\/wp-json\/wp\/v2\/comments?post=1622"}],"version-history":[{"count":13,"href":"https:\/\/studiesenterkysten.no\/index.php\/wp-json\/wp\/v2\/posts\/1622\/revisions"}],"predecessor-version":[{"id":1747,"href":"https:\/\/studiesenterkysten.no\/index.php\/wp-json\/wp\/v2\/posts\/1622\/revisions\/1747"}],"wp:featuredmedia":[{"embeddable":true,"href":"https:\/\/studiesenterkysten.no\/index.php\/wp-json\/wp\/v2\/media\/1743"}],"wp:attachment":[{"href":"https:\/\/studiesenterkysten.no\/index.php\/wp-json\/wp\/v2\/media?parent=1622"}],"wp:term":[{"taxonomy":"category","embeddable":true,"href":"https:\/\/studiesenterkysten.no\/index.php\/wp-json\/wp\/v2\/categories?post=1622"},{"taxonomy":"post_tag","embeddable":true,"href":"https:\/\/studiesenterkysten.no\/index.php\/wp-json\/wp\/v2\/tags?post=1622"}],"curies":[{"name":"wp","href":"https:\/\/api.w.org\/{rel}","templated":true}]}}