{"id":2107,"date":"2025-09-30T10:43:17","date_gmt":"2025-09-30T10:43:17","guid":{"rendered":"https:\/\/studiesenterkysten.no\/?p=2107"},"modified":"2026-03-06T12:39:06","modified_gmt":"2026-03-06T12:39:06","slug":"ta-etter-og-vidareutdanning-ved-fagskulen-med-full-lon","status":"publish","type":"post","link":"https:\/\/studiesenterkysten.no\/index.php\/2025\/09\/30\/ta-etter-og-vidareutdanning-ved-fagskulen-med-full-lon\/","title":{"rendered":"Ta etter- og vidareutdanning ved Fagskulen med full l\u00f8n"},"content":{"rendered":"\t\t<div data-elementor-type=\"wp-post\" data-elementor-id=\"2107\" class=\"elementor elementor-2107\" data-elementor-settings=\"{&quot;ha_cmc_init_switcher&quot;:&quot;no&quot;}\">\n\t\t\t\t<div class=\"elementor-element elementor-element-9bd209f e-flex e-con-boxed e-con e-parent\" data-id=\"9bd209f\" data-element_type=\"container\" data-e-type=\"container\" data-settings=\"{&quot;_ha_eqh_enable&quot;:false}\">\n\t\t\t\t\t<div class=\"e-con-inner\">\n\t\t\t\t<div class=\"elementor-element elementor-element-0da691e elementor-widget elementor-widget-text-editor\" data-id=\"0da691e\" data-element_type=\"widget\" data-e-type=\"widget\" data-widget_type=\"text-editor.default\">\n\t\t\t\t<div class=\"elementor-widget-container\">\n\t\t\t\t\t\t\t\t\t<p data-start=\"191\" data-end=\"1002\">Studiesenter Kysten etablerer og vidareformidlar kurs og utdanningar det er behov for i v\u00e5r region, og vi tilbyr fullt utstyrte kontorplassar med alle fasilitetar p\u00e5 v\u00e5re lokale studiehubar.<\/p><p data-start=\"191\" data-end=\"1002\">Fagskulen Vestland er saman med Fagskulen Viken og Fagskulen Innlandet med i ein forpilot til Industripiloten, der dei tilbyr korte utdanningar som tilsette kan f\u00e5 full l\u00f8n i inntil to veker for \u00e5 gjennomf\u00f8re.<\/p><p data-start=\"191\" data-end=\"1002\">Regjeringa bidreg med 100 millionar til etter- og vidareutdanning for tilsette i industrien. Desse midlane skal i hovudsak g\u00e5 til l\u00f8nsrefusjon til bedrifter, omfatta av Industriovereinskomsten, som gir tilsette fri med full l\u00f8n i inntil to veker for \u00e5 ta korte studium. Fondet er eit trepartssamarbeid mellom Fellesforbundet, Norsk Industri og staten. Les meir her: <a href=\"https:\/\/ikfond.no\/\" target=\"_blank\" rel=\"noopener\">Forside &#8211; Industriens kompetansefond<\/a>.<\/p><p data-start=\"1004\" data-end=\"1145\">For 2025 dekkjer fondet kurstilbod i ein avgrensa kurskatalog med tolv utvalde fagskuletilbod.<\/p><p data-start=\"1004\" data-end=\"1145\">Fagskulen Vestland tilbyr desse fire studia:<\/p><ul data-start=\"1146\" data-end=\"1550\"><li data-start=\"1146\" data-end=\"1237\"><p data-start=\"1148\" data-end=\"1237\"><a href=\"https:\/\/www.fagskulen.no\/utdanning\/elkraft-og-automatisering\/elektronikkutvikling\/\" target=\"_blank\" rel=\"noopener\">Elektronikkutvikling \u2013 Fagskulen Vestland<\/a><br data-start=\"1189\" data-end=\"1192\" \/>S\u00f8knadsfrist 18.10.25 \u2013 Oppstart 29.10.25<\/p><\/li><li data-start=\"1238\" data-end=\"1362\"><p data-start=\"1240\" data-end=\"1362\"><a href=\"https:\/\/www.fagskulen.no\/utdanning\/elkraft-og-automatisering\/skreddarsydde-ki-system\/\" target=\"_blank\" rel=\"noopener\">Skreddarsydde KI-system \u2013 Fagskulen Vestland<\/a><br data-start=\"1284\" data-end=\"1287\" \/>S\u00f8knadsfrist 31.10.25 \u2013 Oppstart Gruppe C 24.11.25 og Gruppe D 25.11.25<\/p><\/li><li data-start=\"1363\" data-end=\"1453\"><p data-start=\"1365\" data-end=\"1453\"><a href=\"https:\/\/www.fagskulen.no\/utdanning\/elkraft-og-automatisering\/moderne-maleteknikk\/\" target=\"_blank\" rel=\"noopener\">Moderne m\u00e5leteknikk \u2013 Fagskulen Vestland<\/a><br data-start=\"1405\" data-end=\"1408\" \/>S\u00f8knadsfrist 17.12.25 \u2013 Oppstart 07.01.26<\/p><\/li><li data-start=\"1454\" data-end=\"1550\"><p data-start=\"1456\" data-end=\"1550\"><a href=\"https:\/\/www.fagskulen.no\/utdanning\/elkraft-og-automatisering\/robotteknologi\/\" target=\"_blank\" rel=\"noopener\">Robotteknologi \u2013 Fagskulen Vestland<\/a><br data-start=\"1491\" data-end=\"1494\" \/>Informasjon om s\u00f8knadsfrist og oppstart kjem snart<\/p><\/li><\/ul>\t\t\t\t\t\t\t\t<\/div>\n\t\t\t\t<\/div>\n\t\t\t\t\t<\/div>\n\t\t\t\t<\/div>\n\t\t\t\t<\/div>\n\t\t","protected":false},"excerpt":{"rendered":"<p>Studiesenter Kysten etablerer og vidareformidlar kurs og utdanningar det er behov for i v\u00e5r region, og vi tilbyr fullt utstyrte kontorplassar med alle fasilitetar p\u00e5 v\u00e5re lokale studiehubar. Fagskulen Vestland<\/p>\n","protected":false},"author":2,"featured_media":2208,"comment_status":"closed","ping_status":"closed","sticky":false,"template":"","format":"standard","meta":{"footnotes":""},"categories":[6,17],"tags":[],"class_list":["post-2107","post","type-post","status-publish","format-standard","has-post-thumbnail","hentry","category-studiesenter-kysten","category-aktuelle-utdanningar"],"_links":{"self":[{"href":"https:\/\/studiesenterkysten.no\/index.php\/wp-json\/wp\/v2\/posts\/2107","targetHints":{"allow":["GET"]}}],"collection":[{"href":"https:\/\/studiesenterkysten.no\/index.php\/wp-json\/wp\/v2\/posts"}],"about":[{"href":"https:\/\/studiesenterkysten.no\/index.php\/wp-json\/wp\/v2\/types\/post"}],"author":[{"embeddable":true,"href":"https:\/\/studiesenterkysten.no\/index.php\/wp-json\/wp\/v2\/users\/2"}],"replies":[{"embeddable":true,"href":"https:\/\/studiesenterkysten.no\/index.php\/wp-json\/wp\/v2\/comments?post=2107"}],"version-history":[{"count":4,"href":"https:\/\/studiesenterkysten.no\/index.php\/wp-json\/wp\/v2\/posts\/2107\/revisions"}],"predecessor-version":[{"id":2113,"href":"https:\/\/studiesenterkysten.no\/index.php\/wp-json\/wp\/v2\/posts\/2107\/revisions\/2113"}],"wp:featuredmedia":[{"embeddable":true,"href":"https:\/\/studiesenterkysten.no\/index.php\/wp-json\/wp\/v2\/media\/2208"}],"wp:attachment":[{"href":"https:\/\/studiesenterkysten.no\/index.php\/wp-json\/wp\/v2\/media?parent=2107"}],"wp:term":[{"taxonomy":"category","embeddable":true,"href":"https:\/\/studiesenterkysten.no\/index.php\/wp-json\/wp\/v2\/categories?post=2107"},{"taxonomy":"post_tag","embeddable":true,"href":"https:\/\/studiesenterkysten.no\/index.php\/wp-json\/wp\/v2\/tags?post=2107"}],"curies":[{"name":"wp","href":"https:\/\/api.w.org\/{rel}","templated":true}]}}